{"provider_url": "https://www.jaboticatubas.mg.leg.br", "title": "Jaboticatubas Valoriza", "html": "<div class=\"sppb-addon-wrapper\" id=\"sppb-addon-wrapper-1638333641538\">\r\n<div class=\"clearfix \" id=\"sppb-addon-1638333641538\">\r\n<div class=\"sppb-addon sppb-addon-text-block  \">\r\n<div class=\"sppb-addon-content\">\r\n<p>O\u00a0<span><strong>PROGRAMA JABOTICATUBAS VALORIZA\u00a0</strong></span>\u00e9 uma parceria entre a prefeitura e organiza\u00e7\u00f5es empresariais de Jaboticatubas. Ele tem como objetivo a cria\u00e7\u00e3o de oportunidades de neg\u00f3cios, a parar de um novo olhar tendo como ponto de partida as compras p\u00fablicas.</p>\r\n<p>Em conjunto com a sociedade, visa desenvolver todos os mecanismos poss\u00edveis para que os recursos administrados pela Prefeitura de Jaboticatubas\u00a0<strong>PERMANE\u00c7AM\u00a0</strong>no munic\u00edpio.</p>\r\n<p><img alt=\"Image\" src=\"https://www.jaboticatubas.mg.gov.br/images/jaboticatubas-valoriza/casadoempreendedor-color.png\" /></p>\r\n<div>\r\n<table>\r\n<tbody>\r\n<tr>\r\n<td><img alt=\"telefone\" height=\"21\" src=\"https://www.jaboticatubas.mg.gov.br/images/icones_casadoempreendedor/telefone.png\" width=\"21\" />\u00a0</td>\r\n<td>\u00a0</td>\r\n<td>T<strong>elefones:</strong>\u00a0(31) 3683-1021 | (31) 3683-1285\u00a0</td>\r\n</tr>\r\n<tr>\r\n<td>\u00a0<img alt=\"email\" height=\"21\" src=\"https://www.jaboticatubas.mg.gov.br/images/icones_casadoempreendedor/email.png\" width=\"21\" /></td>\r\n<td>\u00a0</td>\r\n<td>\u00a0<strong>E-mail:</strong>\u00a0<span id=\"cloak85225b002080969769ae9a54e94a9b9d\"><a href=\"mailto:jaboticatubasvaloriza@jaboticatubas.mg.gov.br\">jaboticatubasvaloriza@jaboticatubas.mg.gov.br</a></span></td>\r\n</tr>\r\n<tr>\r\n<td>\u00a0<img alt=\"local\" height=\"21\" src=\"https://www.jaboticatubas.mg.gov.br/images/icones_casadoempreendedor/local.png\" width=\"21\" /></td>\r\n<td>\u00a0</td>\r\n<td>\u00a0<strong>Endere\u00e7o:</strong>\u00a0Pra\u00e7a Nossa Senhora da Concei\u00e7\u00e3o, 38 - Centro - Jaboticatubas/MG</td>\r\n</tr>\r\n<tr>\r\n<td>\u00a0<img alt=\"horario\" height=\"21\" src=\"https://www.jaboticatubas.mg.gov.br/images/icones_casadoempreendedor/horario.png\" width=\"21\" /></td>\r\n<td>\u00a0</td>\r\n<td>\u00a0<strong>Hor\u00e1rio:</strong>\u00a0Segunda a sexta-feira de 12h as 17h</td>\r\n</tr>\r\n</tbody>\r\n</table>\r\n</div>\r\n</div>\r\n</div>\r\n</div>\r\n</div>", "author_name": "", "version": "1.0", "author_url": "https://www.jaboticatubas.mg.leg.br/author/Tecnico", "provider_name": "C\u00e2mara Municipal de Jaboticatubas", "type": "rich"}