{"provider_url": "https://www.jaboticatubas.mg.leg.br", "title": "Parlamentares", "html": "<p data-start=\"273\" data-end=\"539\">A <strong data-start=\"275\" data-end=\"312\">C\u00e2mara Municipal de Jaboticatubas</strong> \u00e9 composta por 11 parlamentares eleitos democraticamente para a legislatura 2025\u20132028. Cada vereador exerce a fun\u00e7\u00e3o de legislar, fiscalizar as a\u00e7\u00f5es do Poder Executivo e representar os interesses da popula\u00e7\u00e3o jaboticatubense.</p>\r\n<p data-start=\"541\" data-end=\"642\">Os vereadores abaixo foram empossados para o mandato vigente e comp\u00f5em o Poder Legislativo Municipal:</p>\r\n<h3 data-start=\"644\" data-end=\"684\"><strong data-start=\"648\" data-end=\"684\">Mesa Diretora \u2013 Bi\u00eanio 2025\u20132026</strong></h3>\r\n<ul data-start=\"686\" data-end=\"1040\">\r\n<li data-start=\"686\" data-end=\"750\">\r\n<p data-start=\"688\" data-end=\"750\"><strong data-start=\"688\" data-end=\"703\">Presidente:</strong> <a title=\"\" href=\"https://www.jaboticatubas.mg.leg.br/institucional/parlamentares/paulo-rodrigues-dos-santos-1\" class=\"internal-link\" target=\"_blank\">Paulo Rodrigues dos Santos</a> \u2013 <em data-start=\"733\" data-end=\"748\">Solidariedade</em></p>\r\n</li>\r\n<li data-start=\"751\" data-end=\"823\">\r\n<p data-start=\"753\" data-end=\"823\"><strong data-start=\"753\" data-end=\"773\">Vice-Presidente:</strong> <a title=\"\" href=\"https://www.jaboticatubas.mg.leg.br/institucional/parlamentares/fernanda-camila-lourenco-fraga-vice-presidente\" class=\"internal-link\" target=\"_blank\">Fernanda Camila Louren\u00e7o Fraga</a> \u2013 <em data-start=\"807\" data-end=\"821\">Republicanos</em></p>\r\n</li>\r\n<li data-start=\"824\" data-end=\"903\">\r\n<p data-start=\"826\" data-end=\"903\"><strong data-start=\"826\" data-end=\"844\">1\u00ba Secret\u00e1rio:</strong> <a title=\"\" href=\"https://www.jaboticatubas.mg.leg.br/institucional/parlamentares/walisson-fernando-marques-avelar-walisson-zecao\" class=\"internal-link\" target=\"_blank\">Walisson Fernando Marques Avelar </a>(Walisson Zec\u00e3o) \u2013 <em data-start=\"897\" data-end=\"901\">PL</em></p>\r\n</li>\r\n<li data-start=\"904\" data-end=\"969\">\r\n<p data-start=\"906\" data-end=\"969\"><strong data-start=\"906\" data-end=\"924\">2\u00aa Secret\u00e1ria:</strong> <a title=\"\" href=\"https://www.jaboticatubas.mg.leg.br/institucional/parlamentares/rosilene-aparecida-de-oliveira-maia-2a-secretaria\" class=\"internal-link\" target=\"_blank\">Rosilene Aparecida de Oliveira Maia</a> \u2013 <em data-start=\"963\" data-end=\"967\">PL</em></p>\r\n</li>\r\n</ul>\r\n<h3 data-start=\"1047\" data-end=\"1075\"><strong data-start=\"1051\" data-end=\"1075\">Demais Parlamentares</strong></h3>\r\n<ul data-start=\"1077\" data-end=\"1516\">\r\n<li data-start=\"1077\" data-end=\"1150\">\r\n<p data-start=\"1079\" data-end=\"1150\"><strong data-start=\"1079\" data-end=\"1131\"><a title=\"\" href=\"https://www.jaboticatubas.mg.leg.br/institucional/parlamentares/carlos-roberto-almeida-silva\" class=\"internal-link\" target=\"_blank\">Carlos Roberto Almeida Silva</a> (Roberto do Jornal)</strong> \u2013 <em data-start=\"1134\" data-end=\"1148\">Uni\u00e3o Brasil</em></p>\r\n</li>\r\n<li data-start=\"1151\" data-end=\"1206\">\r\n<p data-start=\"1153\" data-end=\"1206\"><strong data-start=\"1153\" data-end=\"1196\"><a title=\"\" href=\"https://www.jaboticatubas.mg.leg.br/institucional/parlamentares/geraldo-francisco-da-silva\" class=\"internal-link\" target=\"_blank\">Geraldo Francisco da Silva</a> (Pr. Lalado)</strong> \u2013 <em data-start=\"1199\" data-end=\"1204\">PSD</em></p>\r\n</li>\r\n<li data-start=\"1207\" data-end=\"1270\">\r\n<p data-start=\"1209\" data-end=\"1270\"><strong data-start=\"1209\" data-end=\"1245\"><a title=\"\" href=\"https://www.jaboticatubas.mg.leg.br/institucional/parlamentares/jeferson-aparecido-lopes-pereira-1\" class=\"internal-link\" target=\"_blank\">Jeferson Aparecido Lopes Pereira</a></strong> \u2013 <em data-start=\"1248\" data-end=\"1268\">Progressistas (PP)</em></p>\r\n</li>\r\n<li data-start=\"1271\" data-end=\"1326\">\r\n<p data-start=\"1273\" data-end=\"1326\"><strong data-start=\"1273\" data-end=\"1311\"><a title=\"\" href=\"https://www.jaboticatubas.mg.leg.br/institucional/parlamentares/jose-orlando-da-silva\" class=\"internal-link\" target=\"_blank\">Jos\u00e9 Orlando da Silva</a> (Z\u00e9 Orlando)</strong> \u2013 <em data-start=\"1314\" data-end=\"1324\">Mobiliza</em></p>\r\n</li>\r\n<li data-start=\"1327\" data-end=\"1383\">\r\n<p data-start=\"1329\" data-end=\"1383\"><strong data-start=\"1329\" data-end=\"1364\"><a title=\"\" href=\"https://www.jaboticatubas.mg.leg.br/institucional/parlamentares/marleo-araujo-marques-1\" class=\"internal-link\" target=\"_blank\">M\u00e1rleo Ara\u00fajo Marques</a> (Marreco)</strong> \u2013 <em data-start=\"1367\" data-end=\"1381\">Uni\u00e3o Brasil</em></p>\r\n</li>\r\n<li data-start=\"1384\" data-end=\"1454\">\r\n<p data-start=\"1386\" data-end=\"1454\"><strong data-start=\"1386\" data-end=\"1434\"><a title=\"\" href=\"https://www.jaboticatubas.mg.leg.br/institucional/parlamentares/orlando-alves-rodrigues\" class=\"internal-link\" target=\"_blank\">Orlando Alves Rodrigues</a> (Orlando do Escolar)</strong> \u2013 <em data-start=\"1437\" data-end=\"1452\">Solidariedade</em></p>\r\n</li>\r\n<li data-start=\"1455\" data-end=\"1516\">\r\n<p data-start=\"1457\" data-end=\"1516\"><strong data-start=\"1457\" data-end=\"1503\"><a title=\"\" href=\"https://www.jaboticatubas.mg.leg.br/institucional/parlamentares/wallysson-eder-de-almeida\" class=\"internal-link\" target=\"_blank\">Wallysson Eder de Almeida</a> (Wallysson Hulk)</strong> \u2013 <em data-start=\"1506\" data-end=\"1516\">Mobiliza</em></p>\r\n</li>\r\n</ul>\r\n<p data-start=\"1523\" data-end=\"1818\">Cada parlamentar possui atribui\u00e7\u00f5es espec\u00edficas e pode apresentar projetos de lei, indica\u00e7\u00f5es, requerimentos e outras proposi\u00e7\u00f5es legislativas. Al\u00e9m disso, muitos integram <strong data-start=\"1695\" data-end=\"1720\">comiss\u00f5es permanentes</strong> ou tempor\u00e1rias que atuam em \u00e1reas como sa\u00fade, educa\u00e7\u00e3o, or\u00e7amento, obras p\u00fablicas e fiscaliza\u00e7\u00e3o.</p>", "author_name": "", "version": "1.0", "author_url": "https://www.jaboticatubas.mg.leg.br/author/Tecnico", "provider_name": "C\u00e2mara Municipal de Jaboticatubas", "type": "rich"}