{"provider_url": "https://www.jaboticatubas.mg.leg.br", "title": "Estrutura Administrativa", "html": "<p data-start=\"303\" data-end=\"546\">A estrutura administrativa da <strong data-start=\"333\" data-end=\"370\">C\u00e2mara Municipal de Jaboticatubas</strong> foi organizada para garantir o bom funcionamento das atividades legislativas e administrativas, assegurando a transpar\u00eancia, a efici\u00eancia e o atendimento adequado \u00e0 popula\u00e7\u00e3o.</p>\r\n<p data-start=\"548\" data-end=\"675\">A composi\u00e7\u00e3o atual da <strong data-start=\"570\" data-end=\"587\">Mesa Diretora</strong>, respons\u00e1vel pela dire\u00e7\u00e3o dos trabalhos legislativos no bi\u00eanio 2025\u20132026, \u00e9 a seguinte:</p>\r\n<ul data-start=\"677\" data-end=\"965\">\r\n<li data-start=\"677\" data-end=\"723\">\r\n<p data-start=\"679\" data-end=\"723\"><strong data-start=\"679\" data-end=\"694\">Presidente:</strong> Paulo Rodrigues dos Santos</p>\r\n</li>\r\n<li data-start=\"724\" data-end=\"779\">\r\n<p data-start=\"726\" data-end=\"779\"><strong data-start=\"726\" data-end=\"746\">Vice-Presidente:</strong> Fernanda Camila Louren\u00e7o Fraga</p>\r\n</li>\r\n<li data-start=\"780\" data-end=\"835\">\r\n<p data-start=\"782\" data-end=\"835\"><strong data-start=\"782\" data-end=\"800\">1\u00ba Secret\u00e1rio:</strong> Walisson Fernando Marques Avelar</p>\r\n</li>\r\n<li data-start=\"836\" data-end=\"894\">\r\n<p data-start=\"838\" data-end=\"894\"><strong data-start=\"838\" data-end=\"856\">2\u00aa Secret\u00e1ria:</strong> Rosilene Aparecida de Oliveira Maia</p>\r\n</li>\r\n</ul>\r\n<p data-start=\"967\" data-end=\"1107\">Al\u00e9m da Mesa Diretora, a C\u00e2mara \u00e9 composta por outros sete parlamentares, totalizando <strong data-start=\"1053\" data-end=\"1078\">11 vereadores eleitos</strong>, com mandato de quatro anos.</p>\r\n<h3 data-start=\"1109\" data-end=\"1155\"><strong data-start=\"1113\" data-end=\"1155\">Setores Administrativos e Respons\u00e1veis</strong></h3>\r\n<p data-start=\"1157\" data-end=\"1378\"><strong data-start=\"1157\" data-end=\"1206\">Assessoria Parlamentar e Secretaria Executiva</strong><br data-start=\"1206\" data-end=\"1209\" /> <strong data-start=\"1209\" data-end=\"1225\">Respons\u00e1vel:</strong> Eug\u00eania Maria dos Santos<br data-start=\"1250\" data-end=\"1253\" /> Atua na elabora\u00e7\u00e3o de documentos, organiza\u00e7\u00e3o das sess\u00f5es e apoio direto aos vereadores e \u00e0 Mesa Diretora.</p>\r\n<p data-start=\"1380\" data-end=\"1612\"><strong data-start=\"1380\" data-end=\"1403\">Assessoria Jur\u00eddica</strong><br data-start=\"1403\" data-end=\"1406\" /> <strong data-start=\"1406\" data-end=\"1422\">Respons\u00e1vel:</strong> D\u00e9bora C\u00e1ssia Nogueira Santos Torres<br data-start=\"1459\" data-end=\"1462\" /> Respons\u00e1vel por emitir pareceres jur\u00eddicos, orientar a legalidade dos atos e garantir a conformidade com as legisla\u00e7\u00f5es municipal, estadual e federal.</p>\r\n<p data-start=\"1380\" data-end=\"1612\"><strong data-start=\"1380\" data-end=\"1403\">Assessoria Legislativa</strong><br data-start=\"1403\" data-end=\"1406\" /><strong data-start=\"1406\" data-end=\"1422\">Respons\u00e1vel:</strong><span>\u00a0<span>Leonardo Henrique dos Santos</span></span><br data-start=\"1459\" data-end=\"1462\" /><span><span>Respons\u00e1vel por assessorar juridicamente a Mesa Diretora, analisando projetos de lei, proposi\u00e7\u00f5es e atos administrativos, garantindo a legalidade dos processos e orientando nas decis\u00f5es legislativas e institucionais</span>.</span></p>\r\n<article class=\"text-token-text-primary w-full\" dir=\"auto\" data-testid=\"conversation-turn-2\" data-scroll-anchor=\"true\">\r\n<div class=\"text-base my-auto mx-auto py-5 [--thread-content-margin:--spacing(4)] @[37rem]:[--thread-content-margin:--spacing(6)] @[72rem]:[--thread-content-margin:--spacing(16)] px-(--thread-content-margin)\">\r\n<div class=\"[--thread-content-max-width:32rem] @[34rem]:[--thread-content-max-width:40rem] @[64rem]:[--thread-content-max-width:48rem] mx-auto flex max-w-(--thread-content-max-width) flex-1 text-base gap-4 md:gap-5 lg:gap-6 group/turn-messages focus-visible:outline-hidden\">\r\n<div class=\"group/conversation-turn relative flex w-full min-w-0 flex-col agent-turn\">\r\n<div class=\"relative flex-col gap-1 md:gap-3\">\r\n<div class=\"flex min-h-[46px] justify-start\">\r\n<div class=\"touch:-me-2 touch:-ms-3.5 -ms-2.5 -me-1 flex flex-wrap items-center gap-y-4 p-1 select-none touch:w-[calc(100%+--spacing(3.5))] -mt-1 w-[calc(100%+--spacing(2.5))] duration-[1.5s] focus-within:transition-none hover:transition-none pointer-events-none [mask-image:linear-gradient(to_right,black_33%,transparent_66%)] [mask-size:300%_100%] [mask-position:100%_0%] motion-safe:transition-[mask-position] group-hover/turn-messages:pointer-events-auto group-hover/turn-messages:[mask-position:0_0] group-focus-within/turn-messages:pointer-events-auto group-focus-within/turn-messages:[mask-position:0_0] has-data-[state=open]:pointer-events-auto has-data-[state=open]:[mask-position:0_0]\">\r\n<div class=\"flex items-center\"><strong data-start=\"1614\" data-end=\"1650\">Assessoria Cont\u00e1bil e Patrim\u00f4nio</strong></div>\r\n</div>\r\n</div>\r\n</div>\r\n</div>\r\n</div>\r\n</div>\r\n</article>\r\n<p data-start=\"1614\" data-end=\"1810\"><strong data-start=\"1653\" data-end=\"1669\">Respons\u00e1vel:</strong> Fl\u00e1via Ara\u00fajo Santos<br data-start=\"1690\" data-end=\"1693\" /> Gerencia a \u00e1rea cont\u00e1bil, elabora\u00e7\u00e3o de presta\u00e7\u00f5es de contas, controle de despesas e do patrim\u00f4nio p\u00fablico da C\u00e2mara.</p>\r\n<p data-start=\"1812\" data-end=\"2033\"><strong data-start=\"1812\" data-end=\"1853\">Recursos Humanos, Licita\u00e7\u00e3o e Compras</strong><br data-start=\"1853\" data-end=\"1856\" /> <strong data-start=\"1856\" data-end=\"1872\">Respons\u00e1vel:</strong> Eug\u00eania Maria dos Santos<br data-start=\"1897\" data-end=\"1900\" /> Administra a gest\u00e3o de pessoal, auxilia na organiza\u00e7\u00e3o das demandas de gabinete processos licitat\u00f3rios, compras p\u00fablicas e o envio de relat\u00f3rios obrigat\u00f3rios aos \u00f3rg\u00e3os de controle.</p>\r\n<p data-start=\"2035\" data-end=\"2266\"><strong data-start=\"2035\" data-end=\"2079\">Controle Interno e Trabalhos de Gabinete</strong><br data-start=\"2079\" data-end=\"2082\" /> <strong data-start=\"2082\" data-end=\"2098\">Respons\u00e1vel:</strong> Eug\u00eania Maria dos Santos<br data-start=\"2123\" data-end=\"2126\" /> Fiscaliza os procedimentos administrativos e financeiros, contribuindo para a transpar\u00eancia institucional e o cumprimento das normas legais.</p>\r\n<p data-start=\"2268\" data-end=\"2508\"><strong data-start=\"2268\" data-end=\"2330\">Recep\u00e7\u00e3o, Atendimento ao P\u00fablico e Apoio aos Parlamentares</strong><br data-start=\"2330\" data-end=\"2333\" /> <strong data-start=\"2333\" data-end=\"2349\">Respons\u00e1vel:</strong> La\u00eds Nayara Marques<br data-start=\"2369\" data-end=\"2372\" /> Respons\u00e1vel pelo suporte log\u00edstico aos vereadores no dia a dia da Casa, organiza\u00e7\u00e3o do arquivo, realiza\u00e7\u00e3o de compras e elabora\u00e7\u00e3o das atas das reuni\u00f5es.</p>", "author_name": "", "version": "1.0", "author_url": "https://www.jaboticatubas.mg.leg.br/author/Tecnico", "provider_name": "C\u00e2mara Municipal de Jaboticatubas", "type": "rich"}